{"id":1311,"date":"2025-12-15T13:37:03","date_gmt":"2025-12-15T12:37:03","guid":{"rendered":"https:\/\/www.equirelais.it\/?p=1311"},"modified":"2025-12-15T13:37:08","modified_gmt":"2025-12-15T12:37:08","slug":"aperti-per-tutte-le-festivita","status":"publish","type":"post","link":"https:\/\/www.equirelais.it\/it\/news\/aperti-per-tutte-le-festivita\/","title":{"rendered":"Aperti per tutte le festivit\u00e0"},"content":{"rendered":"\n<p>Perch\u00e9 scegliere la nostra location per passare con cari e amici le festivit\u00e0 natalizie?<\/p>\n\n\n\n<p>Dalla calda accoglienza di tutto lo staff, ai piatti cucinati con cura e attenzione dai nostri chef, tutto \u00e8 pensato per rendere speciale ogni vostro momento.<\/p>\n\n\n\n<p>Vigilia di Natale e Santo Stefano siamo aperti a pranzo con men\u00f9 alla carta.<\/p>\n\n\n\n<p>Ultimo dell&#8217;anno e primo gennaio aperti regolarmente con men\u00f9 alla carta. <\/p>\n\n\n\n<p>TUTTI GLI ALTRI GIORNI SIAMO APERTI REGOLARMENTE PRANZO E CENA<\/p>\n","protected":false},"excerpt":{"rendered":"<p>Perch\u00e9 scegliere la nostra location per passare con cari e amici le festivit\u00e0 natalizie? Dalla calda accoglienza di tutto lo staff, ai piatti cucinati con cura e attenzione dai nostri chef, tutto \u00e8 pensato per rendere speciale ogni vostro momento. Vigilia di Natale e Santo Stefano siamo aperti a pranzo con men\u00f9 alla carta. Ultimo &hellip; <a href=\"https:\/\/www.equirelais.it\/it\/news\/aperti-per-tutte-le-festivita\/\" class=\"more-link\">Continue reading<span class=\"screen-reader-text\"> &#8220;Aperti per tutte le festivit\u00e0&#8221;<\/span><\/a><\/p>\n","protected":false},"author":3,"featured_media":1315,"comment_status":"closed","ping_status":"closed","sticky":false,"template":"","format":"standard","meta":{"footnotes":""},"categories":[1],"tags":[],"class_list":["post-1311","post","type-post","status-publish","format-standard","has-post-thumbnail","hentry","category-news"],"_links":{"self":[{"href":"https:\/\/www.equirelais.it\/it\/wp-json\/wp\/v2\/posts\/1311","targetHints":{"allow":["GET"]}}],"collection":[{"href":"https:\/\/www.equirelais.it\/it\/wp-json\/wp\/v2\/posts"}],"about":[{"href":"https:\/\/www.equirelais.it\/it\/wp-json\/wp\/v2\/types\/post"}],"author":[{"embeddable":true,"href":"https:\/\/www.equirelais.it\/it\/wp-json\/wp\/v2\/users\/3"}],"replies":[{"embeddable":true,"href":"https:\/\/www.equirelais.it\/it\/wp-json\/wp\/v2\/comments?post=1311"}],"version-history":[{"count":1,"href":"https:\/\/www.equirelais.it\/it\/wp-json\/wp\/v2\/posts\/1311\/revisions"}],"predecessor-version":[{"id":1316,"href":"https:\/\/www.equirelais.it\/it\/wp-json\/wp\/v2\/posts\/1311\/revisions\/1316"}],"wp:featuredmedia":[{"embeddable":true,"href":"https:\/\/www.equirelais.it\/it\/wp-json\/wp\/v2\/media\/1315"}],"wp:attachment":[{"href":"https:\/\/www.equirelais.it\/it\/wp-json\/wp\/v2\/media?parent=1311"}],"wp:term":[{"taxonomy":"category","embeddable":true,"href":"https:\/\/www.equirelais.it\/it\/wp-json\/wp\/v2\/categories?post=1311"},{"taxonomy":"post_tag","embeddable":true,"href":"https:\/\/www.equirelais.it\/it\/wp-json\/wp\/v2\/tags?post=1311"}],"curies":[{"name":"wp","href":"https:\/\/api.w.org\/{rel}","templated":true}]}}